{"id":3099,"date":"2018-09-10T14:52:51","date_gmt":"2018-09-10T14:52:51","guid":{"rendered":"https:\/\/go4mobility.com\/?p=3099"},"modified":"2020-04-06T17:52:14","modified_gmt":"2020-04-06T16:52:14","slug":"visite-nos-no-wholesale-world-congress","status":"publish","type":"post","link":"https:\/\/go4mobility.com\/pt-pt\/visite-nos-no-wholesale-world-congress\/","title":{"rendered":"Visite-nos no Wholesale World Congress"},"content":{"rendered":"\n<h4 class=\"wp-block-heading\">19-20 Setembro 2018 <\/h4>\n\n\n\n<p> <br>O Wholesale World Congress \u00e9 um evento focado em encontrar novos neg\u00f3cios.  Durante estes dois dias pretende-se aproximar executivos da \u00e1rea das telecomunica\u00e7\u00f5es em um ambiente descontra\u00eddo, para desenvolver novos neg\u00f3cios. O WWC \u00e9 um evento virado para o neg\u00f3cio de SMS, voz e data.<br><\/p>\n\n\n\n<p>Venha conhecer os nossos profissionais nos dias 19 e 20 de Setembro em Madrid.<br><\/p>\n\n\n\n<figure class=\"wp-block-image is-resized\"><img fetchpriority=\"high\" decoding=\"async\" src=\"http:\/\/go4mobility.com\/wp-content\/uploads\/2019\/03\/WWC-2018.jpg\" alt=\"\" class=\"wp-image-3100\" width=\"1000\" height=\"525\" srcset=\"https:\/\/go4mobility.com\/wp-content\/uploads\/2019\/03\/WWC-2018.jpg 1000w, https:\/\/go4mobility.com\/wp-content\/uploads\/2019\/03\/WWC-2018-300x158.jpg 300w, https:\/\/go4mobility.com\/wp-content\/uploads\/2019\/03\/WWC-2018-768x403.jpg 768w, https:\/\/go4mobility.com\/wp-content\/uploads\/2019\/03\/WWC-2018-600x315.jpg 600w\" sizes=\"(max-width: 1000px) 100vw, 1000px\" \/><\/figure>\n","protected":false},"excerpt":{"rendered":"<p>O Wholesale World Congress \u00e9 um evento focado em encontrar novos neg\u00f3cios. Durante estes dois dias pretende-se aproximar executivos da \u00e1rea das telecomunica\u00e7\u00f5es em um ambiente descontra\u00eddo, para desenvolver novos neg\u00f3cios. O WWC \u00e9 um evento virado para o neg\u00f3cio de SMS, voz e data.<\/p>\n","protected":false},"author":18,"featured_media":3992,"comment_status":"open","ping_status":"open","sticky":false,"template":"","format":"standard","meta":{"footnotes":""},"categories":[34],"tags":[],"class_list":["post-3099","post","type-post","status-publish","format-standard","has-post-thumbnail","hentry","category-eventos"],"yoast_head":"<!-- This site is optimized with the Yoast SEO plugin v27.5 - https:\/\/yoast.com\/product\/yoast-seo-wordpress\/ -->\n<title>Blog - Visite-nos no Wholesale World Congress Madrid<\/title>\n<meta name=\"description\" content=\"O Wholesale World Congress \u00e9 um evento focado em encontrar novos neg\u00f3cios. Venha conhecer os nossos profissionais nos dias 19 e 20 de Setembro em Madrid.\" \/>\n<meta name=\"robots\" content=\"index, follow, max-snippet:-1, max-image-preview:large, max-video-preview:-1\" \/>\n<link rel=\"canonical\" href=\"https:\/\/go4mobility.com\/pt-pt\/visite-nos-no-wholesale-world-congress\/\" \/>\n<meta property=\"og:locale\" content=\"pt_PT\" \/>\n<meta property=\"og:type\" content=\"article\" \/>\n<meta property=\"og:title\" content=\"Blog - Visite-nos no Wholesale World Congress Madrid\" \/>\n<meta property=\"og:description\" content=\"O Wholesale World Congress \u00e9 um evento focado em encontrar novos neg\u00f3cios. Venha conhecer os nossos profissionais nos dias 19 e 20 de Setembro em Madrid.\" \/>\n<meta property=\"og:url\" content=\"https:\/\/go4mobility.com\/pt-pt\/visite-nos-no-wholesale-world-congress\/\" \/>\n<meta property=\"og:site_name\" content=\"Go4Mobility\" \/>\n<meta property=\"article:published_time\" content=\"2018-09-10T14:52:51+00:00\" \/>\n<meta property=\"article:modified_time\" content=\"2020-04-06T16:52:14+00:00\" \/>\n<meta property=\"og:image\" content=\"https:\/\/go4mobility.com\/wp-content\/uploads\/2018\/09\/Wholesale-World-Congress.jpg\" \/>\n\t<meta property=\"og:image:width\" content=\"1920\" \/>\n\t<meta property=\"og:image:height\" content=\"1280\" \/>\n\t<meta property=\"og:image:type\" content=\"image\/jpeg\" \/>\n<meta name=\"author\" content=\"carlos.silva\" \/>\n<meta name=\"twitter:card\" content=\"summary_large_image\" \/>\n<meta name=\"twitter:label1\" content=\"Escrito por\" \/>\n\t<meta name=\"twitter:data1\" content=\"carlos.silva\" \/>\n<script type=\"application\/ld+json\" class=\"yoast-schema-graph\">{\"@context\":\"https:\\\/\\\/schema.org\",\"@graph\":[{\"@type\":\"Article\",\"@id\":\"https:\\\/\\\/go4mobility.com\\\/pt-pt\\\/visite-nos-no-wholesale-world-congress\\\/#article\",\"isPartOf\":{\"@id\":\"https:\\\/\\\/go4mobility.com\\\/pt-pt\\\/visite-nos-no-wholesale-world-congress\\\/\"},\"author\":{\"name\":\"carlos.silva\",\"@id\":\"https:\\\/\\\/go4mobility.com\\\/pt-pt\\\/#\\\/schema\\\/person\\\/61db124dcea581a244bf5eea2c6f89b4\"},\"headline\":\"Visite-nos no Wholesale World Congress\",\"datePublished\":\"2018-09-10T14:52:51+00:00\",\"dateModified\":\"2020-04-06T16:52:14+00:00\",\"mainEntityOfPage\":{\"@id\":\"https:\\\/\\\/go4mobility.com\\\/pt-pt\\\/visite-nos-no-wholesale-world-congress\\\/\"},\"wordCount\":67,\"commentCount\":0,\"publisher\":{\"@id\":\"https:\\\/\\\/go4mobility.com\\\/pt-pt\\\/#organization\"},\"image\":{\"@id\":\"https:\\\/\\\/go4mobility.com\\\/pt-pt\\\/visite-nos-no-wholesale-world-congress\\\/#primaryimage\"},\"thumbnailUrl\":\"https:\\\/\\\/go4mobility.com\\\/wp-content\\\/uploads\\\/2018\\\/09\\\/Wholesale-World-Congress.jpg\",\"articleSection\":[\"Eventos\"],\"inLanguage\":\"pt-PT\",\"potentialAction\":[{\"@type\":\"CommentAction\",\"name\":\"Comment\",\"target\":[\"https:\\\/\\\/go4mobility.com\\\/pt-pt\\\/visite-nos-no-wholesale-world-congress\\\/#respond\"]}]},{\"@type\":\"WebPage\",\"@id\":\"https:\\\/\\\/go4mobility.com\\\/pt-pt\\\/visite-nos-no-wholesale-world-congress\\\/\",\"url\":\"https:\\\/\\\/go4mobility.com\\\/pt-pt\\\/visite-nos-no-wholesale-world-congress\\\/\",\"name\":\"Blog - Visite-nos no Wholesale World Congress Madrid\",\"isPartOf\":{\"@id\":\"https:\\\/\\\/go4mobility.com\\\/pt-pt\\\/#website\"},\"primaryImageOfPage\":{\"@id\":\"https:\\\/\\\/go4mobility.com\\\/pt-pt\\\/visite-nos-no-wholesale-world-congress\\\/#primaryimage\"},\"image\":{\"@id\":\"https:\\\/\\\/go4mobility.com\\\/pt-pt\\\/visite-nos-no-wholesale-world-congress\\\/#primaryimage\"},\"thumbnailUrl\":\"https:\\\/\\\/go4mobility.com\\\/wp-content\\\/uploads\\\/2018\\\/09\\\/Wholesale-World-Congress.jpg\",\"datePublished\":\"2018-09-10T14:52:51+00:00\",\"dateModified\":\"2020-04-06T16:52:14+00:00\",\"description\":\"O Wholesale World Congress \u00e9 um evento focado em encontrar novos neg\u00f3cios. Venha conhecer os nossos profissionais nos dias 19 e 20 de Setembro em Madrid.\",\"breadcrumb\":{\"@id\":\"https:\\\/\\\/go4mobility.com\\\/pt-pt\\\/visite-nos-no-wholesale-world-congress\\\/#breadcrumb\"},\"inLanguage\":\"pt-PT\",\"potentialAction\":[{\"@type\":\"ReadAction\",\"target\":[\"https:\\\/\\\/go4mobility.com\\\/pt-pt\\\/visite-nos-no-wholesale-world-congress\\\/\"]}]},{\"@type\":\"ImageObject\",\"inLanguage\":\"pt-PT\",\"@id\":\"https:\\\/\\\/go4mobility.com\\\/pt-pt\\\/visite-nos-no-wholesale-world-congress\\\/#primaryimage\",\"url\":\"https:\\\/\\\/go4mobility.com\\\/wp-content\\\/uploads\\\/2018\\\/09\\\/Wholesale-World-Congress.jpg\",\"contentUrl\":\"https:\\\/\\\/go4mobility.com\\\/wp-content\\\/uploads\\\/2018\\\/09\\\/Wholesale-World-Congress.jpg\",\"width\":1920,\"height\":1280,\"caption\":\"Wholesale World Congress\"},{\"@type\":\"BreadcrumbList\",\"@id\":\"https:\\\/\\\/go4mobility.com\\\/pt-pt\\\/visite-nos-no-wholesale-world-congress\\\/#breadcrumb\",\"itemListElement\":[{\"@type\":\"ListItem\",\"position\":1,\"name\":\"In\u00edcio\",\"item\":\"https:\\\/\\\/go4mobility.com\\\/en\\\/\"},{\"@type\":\"ListItem\",\"position\":2,\"name\":\"Visite-nos no Wholesale World Congress\"}]},{\"@type\":\"WebSite\",\"@id\":\"https:\\\/\\\/go4mobility.com\\\/pt-pt\\\/#website\",\"url\":\"https:\\\/\\\/go4mobility.com\\\/pt-pt\\\/\",\"name\":\"Go4Mobility\",\"description\":\"\",\"publisher\":{\"@id\":\"https:\\\/\\\/go4mobility.com\\\/pt-pt\\\/#organization\"},\"potentialAction\":[{\"@type\":\"SearchAction\",\"target\":{\"@type\":\"EntryPoint\",\"urlTemplate\":\"https:\\\/\\\/go4mobility.com\\\/pt-pt\\\/?s={search_term_string}\"},\"query-input\":{\"@type\":\"PropertyValueSpecification\",\"valueRequired\":true,\"valueName\":\"search_term_string\"}}],\"inLanguage\":\"pt-PT\"},{\"@type\":\"Organization\",\"@id\":\"https:\\\/\\\/go4mobility.com\\\/pt-pt\\\/#organization\",\"name\":\"Go4Mobility\",\"url\":\"https:\\\/\\\/go4mobility.com\\\/pt-pt\\\/\",\"logo\":{\"@type\":\"ImageObject\",\"inLanguage\":\"pt-PT\",\"@id\":\"https:\\\/\\\/go4mobility.com\\\/pt-pt\\\/#\\\/schema\\\/logo\\\/image\\\/\",\"url\":\"http:\\\/\\\/go4mobility.com\\\/wp-content\\\/uploads\\\/2019\\\/03\\\/logo.png\",\"contentUrl\":\"http:\\\/\\\/go4mobility.com\\\/wp-content\\\/uploads\\\/2019\\\/03\\\/logo.png\",\"width\":587,\"height\":121,\"caption\":\"Go4Mobility\"},\"image\":{\"@id\":\"https:\\\/\\\/go4mobility.com\\\/pt-pt\\\/#\\\/schema\\\/logo\\\/image\\\/\"}},{\"@type\":\"Person\",\"@id\":\"https:\\\/\\\/go4mobility.com\\\/pt-pt\\\/#\\\/schema\\\/person\\\/61db124dcea581a244bf5eea2c6f89b4\",\"name\":\"carlos.silva\",\"image\":{\"@type\":\"ImageObject\",\"inLanguage\":\"pt-PT\",\"@id\":\"https:\\\/\\\/secure.gravatar.com\\\/avatar\\\/eeadffc37ee926984ec9fa15391d33057bbf0299c5958f3c5ec4dd8bd8b3cab8?s=96&d=mm&r=g\",\"url\":\"https:\\\/\\\/secure.gravatar.com\\\/avatar\\\/eeadffc37ee926984ec9fa15391d33057bbf0299c5958f3c5ec4dd8bd8b3cab8?s=96&d=mm&r=g\",\"contentUrl\":\"https:\\\/\\\/secure.gravatar.com\\\/avatar\\\/eeadffc37ee926984ec9fa15391d33057bbf0299c5958f3c5ec4dd8bd8b3cab8?s=96&d=mm&r=g\",\"caption\":\"carlos.silva\"},\"url\":\"https:\\\/\\\/go4mobility.com\\\/pt-pt\\\/author\\\/carlos-silva\\\/\"}]}<\/script>\n<!-- \/ Yoast SEO plugin. -->","yoast_head_json":{"title":"Blog - Visite-nos no Wholesale World Congress Madrid","description":"O Wholesale World Congress \u00e9 um evento focado em encontrar novos neg\u00f3cios. Venha conhecer os nossos profissionais nos dias 19 e 20 de Setembro em Madrid.","robots":{"index":"index","follow":"follow","max-snippet":"max-snippet:-1","max-image-preview":"max-image-preview:large","max-video-preview":"max-video-preview:-1"},"canonical":"https:\/\/go4mobility.com\/pt-pt\/visite-nos-no-wholesale-world-congress\/","og_locale":"pt_PT","og_type":"article","og_title":"Blog - Visite-nos no Wholesale World Congress Madrid","og_description":"O Wholesale World Congress \u00e9 um evento focado em encontrar novos neg\u00f3cios. Venha conhecer os nossos profissionais nos dias 19 e 20 de Setembro em Madrid.","og_url":"https:\/\/go4mobility.com\/pt-pt\/visite-nos-no-wholesale-world-congress\/","og_site_name":"Go4Mobility","article_published_time":"2018-09-10T14:52:51+00:00","article_modified_time":"2020-04-06T16:52:14+00:00","og_image":[{"width":1920,"height":1280,"url":"https:\/\/go4mobility.com\/wp-content\/uploads\/2018\/09\/Wholesale-World-Congress.jpg","type":"image\/jpeg"}],"author":"carlos.silva","twitter_card":"summary_large_image","twitter_misc":{"Escrito por":"carlos.silva"},"schema":{"@context":"https:\/\/schema.org","@graph":[{"@type":"Article","@id":"https:\/\/go4mobility.com\/pt-pt\/visite-nos-no-wholesale-world-congress\/#article","isPartOf":{"@id":"https:\/\/go4mobility.com\/pt-pt\/visite-nos-no-wholesale-world-congress\/"},"author":{"name":"carlos.silva","@id":"https:\/\/go4mobility.com\/pt-pt\/#\/schema\/person\/61db124dcea581a244bf5eea2c6f89b4"},"headline":"Visite-nos no Wholesale World Congress","datePublished":"2018-09-10T14:52:51+00:00","dateModified":"2020-04-06T16:52:14+00:00","mainEntityOfPage":{"@id":"https:\/\/go4mobility.com\/pt-pt\/visite-nos-no-wholesale-world-congress\/"},"wordCount":67,"commentCount":0,"publisher":{"@id":"https:\/\/go4mobility.com\/pt-pt\/#organization"},"image":{"@id":"https:\/\/go4mobility.com\/pt-pt\/visite-nos-no-wholesale-world-congress\/#primaryimage"},"thumbnailUrl":"https:\/\/go4mobility.com\/wp-content\/uploads\/2018\/09\/Wholesale-World-Congress.jpg","articleSection":["Eventos"],"inLanguage":"pt-PT","potentialAction":[{"@type":"CommentAction","name":"Comment","target":["https:\/\/go4mobility.com\/pt-pt\/visite-nos-no-wholesale-world-congress\/#respond"]}]},{"@type":"WebPage","@id":"https:\/\/go4mobility.com\/pt-pt\/visite-nos-no-wholesale-world-congress\/","url":"https:\/\/go4mobility.com\/pt-pt\/visite-nos-no-wholesale-world-congress\/","name":"Blog - Visite-nos no Wholesale World Congress Madrid","isPartOf":{"@id":"https:\/\/go4mobility.com\/pt-pt\/#website"},"primaryImageOfPage":{"@id":"https:\/\/go4mobility.com\/pt-pt\/visite-nos-no-wholesale-world-congress\/#primaryimage"},"image":{"@id":"https:\/\/go4mobility.com\/pt-pt\/visite-nos-no-wholesale-world-congress\/#primaryimage"},"thumbnailUrl":"https:\/\/go4mobility.com\/wp-content\/uploads\/2018\/09\/Wholesale-World-Congress.jpg","datePublished":"2018-09-10T14:52:51+00:00","dateModified":"2020-04-06T16:52:14+00:00","description":"O Wholesale World Congress \u00e9 um evento focado em encontrar novos neg\u00f3cios. Venha conhecer os nossos profissionais nos dias 19 e 20 de Setembro em Madrid.","breadcrumb":{"@id":"https:\/\/go4mobility.com\/pt-pt\/visite-nos-no-wholesale-world-congress\/#breadcrumb"},"inLanguage":"pt-PT","potentialAction":[{"@type":"ReadAction","target":["https:\/\/go4mobility.com\/pt-pt\/visite-nos-no-wholesale-world-congress\/"]}]},{"@type":"ImageObject","inLanguage":"pt-PT","@id":"https:\/\/go4mobility.com\/pt-pt\/visite-nos-no-wholesale-world-congress\/#primaryimage","url":"https:\/\/go4mobility.com\/wp-content\/uploads\/2018\/09\/Wholesale-World-Congress.jpg","contentUrl":"https:\/\/go4mobility.com\/wp-content\/uploads\/2018\/09\/Wholesale-World-Congress.jpg","width":1920,"height":1280,"caption":"Wholesale World Congress"},{"@type":"BreadcrumbList","@id":"https:\/\/go4mobility.com\/pt-pt\/visite-nos-no-wholesale-world-congress\/#breadcrumb","itemListElement":[{"@type":"ListItem","position":1,"name":"In\u00edcio","item":"https:\/\/go4mobility.com\/en\/"},{"@type":"ListItem","position":2,"name":"Visite-nos no Wholesale World Congress"}]},{"@type":"WebSite","@id":"https:\/\/go4mobility.com\/pt-pt\/#website","url":"https:\/\/go4mobility.com\/pt-pt\/","name":"Go4Mobility","description":"","publisher":{"@id":"https:\/\/go4mobility.com\/pt-pt\/#organization"},"potentialAction":[{"@type":"SearchAction","target":{"@type":"EntryPoint","urlTemplate":"https:\/\/go4mobility.com\/pt-pt\/?s={search_term_string}"},"query-input":{"@type":"PropertyValueSpecification","valueRequired":true,"valueName":"search_term_string"}}],"inLanguage":"pt-PT"},{"@type":"Organization","@id":"https:\/\/go4mobility.com\/pt-pt\/#organization","name":"Go4Mobility","url":"https:\/\/go4mobility.com\/pt-pt\/","logo":{"@type":"ImageObject","inLanguage":"pt-PT","@id":"https:\/\/go4mobility.com\/pt-pt\/#\/schema\/logo\/image\/","url":"http:\/\/go4mobility.com\/wp-content\/uploads\/2019\/03\/logo.png","contentUrl":"http:\/\/go4mobility.com\/wp-content\/uploads\/2019\/03\/logo.png","width":587,"height":121,"caption":"Go4Mobility"},"image":{"@id":"https:\/\/go4mobility.com\/pt-pt\/#\/schema\/logo\/image\/"}},{"@type":"Person","@id":"https:\/\/go4mobility.com\/pt-pt\/#\/schema\/person\/61db124dcea581a244bf5eea2c6f89b4","name":"carlos.silva","image":{"@type":"ImageObject","inLanguage":"pt-PT","@id":"https:\/\/secure.gravatar.com\/avatar\/eeadffc37ee926984ec9fa15391d33057bbf0299c5958f3c5ec4dd8bd8b3cab8?s=96&d=mm&r=g","url":"https:\/\/secure.gravatar.com\/avatar\/eeadffc37ee926984ec9fa15391d33057bbf0299c5958f3c5ec4dd8bd8b3cab8?s=96&d=mm&r=g","contentUrl":"https:\/\/secure.gravatar.com\/avatar\/eeadffc37ee926984ec9fa15391d33057bbf0299c5958f3c5ec4dd8bd8b3cab8?s=96&d=mm&r=g","caption":"carlos.silva"},"url":"https:\/\/go4mobility.com\/pt-pt\/author\/carlos-silva\/"}]}},"_links":{"self":[{"href":"https:\/\/go4mobility.com\/pt-pt\/wp-json\/wp\/v2\/posts\/3099","targetHints":{"allow":["GET"]}}],"collection":[{"href":"https:\/\/go4mobility.com\/pt-pt\/wp-json\/wp\/v2\/posts"}],"about":[{"href":"https:\/\/go4mobility.com\/pt-pt\/wp-json\/wp\/v2\/types\/post"}],"author":[{"embeddable":true,"href":"https:\/\/go4mobility.com\/pt-pt\/wp-json\/wp\/v2\/users\/18"}],"replies":[{"embeddable":true,"href":"https:\/\/go4mobility.com\/pt-pt\/wp-json\/wp\/v2\/comments?post=3099"}],"version-history":[{"count":9,"href":"https:\/\/go4mobility.com\/pt-pt\/wp-json\/wp\/v2\/posts\/3099\/revisions"}],"predecessor-version":[{"id":5903,"href":"https:\/\/go4mobility.com\/pt-pt\/wp-json\/wp\/v2\/posts\/3099\/revisions\/5903"}],"wp:featuredmedia":[{"embeddable":true,"href":"https:\/\/go4mobility.com\/pt-pt\/wp-json\/wp\/v2\/media\/3992"}],"wp:attachment":[{"href":"https:\/\/go4mobility.com\/pt-pt\/wp-json\/wp\/v2\/media?parent=3099"}],"wp:term":[{"taxonomy":"category","embeddable":true,"href":"https:\/\/go4mobility.com\/pt-pt\/wp-json\/wp\/v2\/categories?post=3099"},{"taxonomy":"post_tag","embeddable":true,"href":"https:\/\/go4mobility.com\/pt-pt\/wp-json\/wp\/v2\/tags?post=3099"}],"curies":[{"name":"wp","href":"https:\/\/api.w.org\/{rel}","templated":true}]}}